{"id":273,"date":"2021-07-19T15:29:03","date_gmt":"2021-07-19T15:29:03","guid":{"rendered":"http:\/\/naklada-benedikta.hr\/?p=273"},"modified":"2021-08-02T11:44:18","modified_gmt":"2021-08-02T11:44:18","slug":"marino-restrepo-opet-nam-dolazi","status":"publish","type":"post","link":"https:\/\/naklada-benedikta.hr\/index.php\/2021\/07\/19\/marino-restrepo-opet-nam-dolazi\/","title":{"rendered":"SVJEDO\u010cENJE MARINA RESTREPA"},"content":{"rendered":"<p><b><img fetchpriority=\"high\" decoding=\"async\" class=\"alignright size-medium wp-image-354\" src=\"http:\/\/naklada-benedikta.hr\/wp-content\/uploads\/2018\/05\/Marino-Restrepo2019-EDIT.-300x173.jpg\" alt=\"Marino Restrepo2019-EDIT.\" width=\"300\" height=\"173\" srcset=\"https:\/\/naklada-benedikta.hr\/wp-content\/uploads\/2018\/05\/Marino-Restrepo2019-EDIT.-300x173.jpg 300w, https:\/\/naklada-benedikta.hr\/wp-content\/uploads\/2018\/05\/Marino-Restrepo2019-EDIT.-275x158.jpg 275w, https:\/\/naklada-benedikta.hr\/wp-content\/uploads\/2018\/05\/Marino-Restrepo2019-EDIT.-64x37.jpg 64w, https:\/\/naklada-benedikta.hr\/wp-content\/uploads\/2018\/05\/Marino-Restrepo2019-EDIT.-768x442.jpg 768w, https:\/\/naklada-benedikta.hr\/wp-content\/uploads\/2018\/05\/Marino-Restrepo2019-EDIT.-1024x589.jpg 1024w, https:\/\/naklada-benedikta.hr\/wp-content\/uploads\/2018\/05\/Marino-Restrepo2019-EDIT.-172x99.jpg 172w\" sizes=\"(max-width: 300px) 100vw, 300px\" \/>Marino Restrepo ponovno u Hrvatskoj<\/b><\/p>\n<p><span style=\"font-weight: 400;\">Dragi prijatelji, ovime vas izvje\u0161\u0107ujemo da \u0107e Marino Restrepo svjedo\u010diti u Hrvatskoj od <strong>04. 08. do 27. 08. 2021.<\/strong><\/span><\/p>\n<p><strong><a href=\"http:\/\/naklada-benedikta.hr\/index.php\/svjedocenja-marina-restrepa-raspored\/\">Pogledajte sva mjesta svjedo\u010denja i sve nagovore!<\/a><\/strong><\/p>\n","protected":false},"excerpt":{"rendered":"<p>Marino Restrepo ponovno u Hrvatskoj Dragi prijatelji, ovime vas izvje\u0161\u0107ujemo da \u0107e Marino Restrepo svjedo\u010diti u Hrvatskoj od 04. 08. do 27. 08. 2021. Pogledajte sva mjesta svjedo\u010denja i sve nagovore!<\/p>\n","protected":false},"author":1,"featured_media":0,"comment_status":"closed","ping_status":"open","sticky":false,"template":"","format":"standard","meta":{"powered_cache_disable_cache":false,"powered_cache_disable_lazyload":false,"footnotes":""},"categories":[13],"tags":[],"class_list":["post-273","post","type-post","status-publish","format-standard","hentry","category-news"],"_links":{"self":[{"href":"https:\/\/naklada-benedikta.hr\/index.php\/wp-json\/wp\/v2\/posts\/273","targetHints":{"allow":["GET"]}}],"collection":[{"href":"https:\/\/naklada-benedikta.hr\/index.php\/wp-json\/wp\/v2\/posts"}],"about":[{"href":"https:\/\/naklada-benedikta.hr\/index.php\/wp-json\/wp\/v2\/types\/post"}],"author":[{"embeddable":true,"href":"https:\/\/naklada-benedikta.hr\/index.php\/wp-json\/wp\/v2\/users\/1"}],"replies":[{"embeddable":true,"href":"https:\/\/naklada-benedikta.hr\/index.php\/wp-json\/wp\/v2\/comments?post=273"}],"version-history":[{"count":0,"href":"https:\/\/naklada-benedikta.hr\/index.php\/wp-json\/wp\/v2\/posts\/273\/revisions"}],"wp:attachment":[{"href":"https:\/\/naklada-benedikta.hr\/index.php\/wp-json\/wp\/v2\/media?parent=273"}],"wp:term":[{"taxonomy":"category","embeddable":true,"href":"https:\/\/naklada-benedikta.hr\/index.php\/wp-json\/wp\/v2\/categories?post=273"},{"taxonomy":"post_tag","embeddable":true,"href":"https:\/\/naklada-benedikta.hr\/index.php\/wp-json\/wp\/v2\/tags?post=273"}],"curies":[{"name":"wp","href":"https:\/\/api.w.org\/{rel}","templated":true}]}}